{"id":8302,"date":"2026-08-28T17:10:47","date_gmt":"2026-08-28T15:10:47","guid":{"rendered":"https:\/\/www.icmanfredini.edu.it\/scuola\/?p=8302"},"modified":"2026-08-28T22:40:30","modified_gmt":"2026-08-28T20:40:30","slug":"formazione-incentivata_","status":"publish","type":"post","link":"https:\/\/www.icmanfredini.edu.it\/scuola\/formazione-incentivata_\/","title":{"rendered":"Formazione incentivata"},"content":{"rendered":"<p>Anno scolastico 2025-2026 \u2013 Percorsi di formazione volontaria incentivata di cui all\u2019art. 16-ter, comma 1, del decreto legislativo 13 aprile 2017, n. 59 \u2013 Percorsi relativi alla terza annualit\u00e0 del primo ciclo triennale, alla seconda annualit\u00e0 del secondo ciclo triennale e alla prima annualit\u00e0 del terzo ciclo triennale.<\/p>\n<p>Si veda nota nota MIM allegata, prot. n. 86071 del 27\/08\/2026<\/p>\n","protected":false},"excerpt":{"rendered":"<p>Anno scolastico 2025-2026 \u2013 Percorsi di formazione volontaria incentivata di cui all\u2019art. 16-ter, comma 1, del decreto legislativo 13 aprile 2017, n. 59 \u2013 Percorsi relativi alla terza annualit\u00e0 del primo ciclo triennale, alla seconda annualit\u00e0 [&hellip;]<\/p>\n","protected":false},"author":8,"featured_media":0,"comment_status":"closed","ping_status":"open","sticky":false,"template":"","format":"standard","meta":{"footnotes":"","_members_access_role":[],"_members_access_error":""},"tags":[497],"class_list":["post-8302","post","type-post","status-publish","format-standard","hentry","tag-formazione-docenti","tipologia-articolo-notizie"],"_links":{"self":[{"href":"https:\/\/www.icmanfredini.edu.it\/scuola\/wp-json\/wp\/v2\/posts\/8302","targetHints":{"allow":["GET"]}}],"collection":[{"href":"https:\/\/www.icmanfredini.edu.it\/scuola\/wp-json\/wp\/v2\/posts"}],"about":[{"href":"https:\/\/www.icmanfredini.edu.it\/scuola\/wp-json\/wp\/v2\/types\/post"}],"author":[{"embeddable":true,"href":"https:\/\/www.icmanfredini.edu.it\/scuola\/wp-json\/wp\/v2\/users\/8"}],"replies":[{"embeddable":true,"href":"https:\/\/www.icmanfredini.edu.it\/scuola\/wp-json\/wp\/v2\/comments?post=8302"}],"version-history":[{"count":2,"href":"https:\/\/www.icmanfredini.edu.it\/scuola\/wp-json\/wp\/v2\/posts\/8302\/revisions"}],"predecessor-version":[{"id":8305,"href":"https:\/\/www.icmanfredini.edu.it\/scuola\/wp-json\/wp\/v2\/posts\/8302\/revisions\/8305"}],"wp:attachment":[{"href":"https:\/\/www.icmanfredini.edu.it\/scuola\/wp-json\/wp\/v2\/media?parent=8302"}],"wp:term":[{"taxonomy":"post_tag","embeddable":true,"href":"https:\/\/www.icmanfredini.edu.it\/scuola\/wp-json\/wp\/v2\/tags?post=8302"}],"curies":[{"name":"wp","href":"https:\/\/api.w.org\/{rel}","templated":true}]}}